{"id":1528,"date":"2024-01-15T14:47:43","date_gmt":"2024-01-15T13:47:43","guid":{"rendered":"https:\/\/soudayenfete.com\/?p=1528"},"modified":"2024-05-27T23:33:36","modified_gmt":"2024-05-27T21:33:36","slug":"soiree-repas-des-annees-80-2024","status":"publish","type":"post","link":"https:\/\/soudayenfete.com\/index.php\/2024\/01\/15\/soiree-repas-des-annees-80-2024\/","title":{"rendered":"04\/05\/2024 &#8211; Soir\u00e9e repas des ann\u00e9es 80 &#8211; 2024 \ud83d\udd7a\ud83d\udc83"},"content":{"rendered":"\t\t<div data-elementor-type=\"wp-post\" data-elementor-id=\"1528\" class=\"elementor elementor-1528\">\n\t\t\t\t\t\t<section class=\"elementor-section elementor-top-section elementor-element elementor-element-547b2ba elementor-section-boxed elementor-section-height-default elementor-section-height-default exad-glass-effect-no exad-sticky-section-no\" data-id=\"547b2ba\" data-element_type=\"section\" data-e-type=\"section\">\n\t\t\t\t\t\t<div class=\"elementor-container elementor-column-gap-default\">\n\t\t\t\t\t<div class=\"elementor-column elementor-col-100 elementor-top-column elementor-element elementor-element-f8c1292 exad-glass-effect-no exad-sticky-section-no\" data-id=\"f8c1292\" data-element_type=\"column\" data-e-type=\"column\">\n\t\t\t<div class=\"elementor-widget-wrap elementor-element-populated\">\n\t\t\t\t\t\t<div class=\"elementor-element elementor-element-6af4fbc exad-sticky-section-no exad-glass-effect-no elementor-widget elementor-widget-text-editor\" data-id=\"6af4fbc\" data-element_type=\"widget\" data-e-type=\"widget\" data-widget_type=\"text-editor.default\">\n\t\t\t\t<div class=\"elementor-widget-container\">\n\t\t\t\t\t\t\t\t\t<p><strong>Retrouvez en vid\u00e9o l&rsquo;ambiance de notre soir\u00e9e ann\u00e9e 80 du 4 mai 2024.<\/strong><br \/>Vous l&rsquo;avez manqu\u00e9 ? Restez connect\u00e9s \u00e0 nos r\u00e9seaux sociaux ou consultez r\u00e9guli\u00e8rement notre site pour vous tenir inform\u00e9s des prochains \u00e9v\u00e9nements.<\/p>\t\t\t\t\t\t\t\t<\/div>\n\t\t\t\t<\/div>\n\t\t\t\t<div class=\"elementor-element elementor-element-ad585e0 exad-sticky-section-no exad-glass-effect-no elementor-widget elementor-widget-video\" data-id=\"ad585e0\" data-element_type=\"widget\" data-e-type=\"widget\" data-settings=\"{&quot;youtube_url&quot;:&quot;https:\\\/\\\/www.youtube.com\\\/watch?v=d2up6BawsWM&quot;,&quot;video_type&quot;:&quot;youtube&quot;,&quot;controls&quot;:&quot;yes&quot;}\" data-widget_type=\"video.default\">\n\t\t\t\t<div class=\"elementor-widget-container\">\n\t\t\t\t\t\t\t<div class=\"elementor-wrapper elementor-open-inline\">\n\t\t\t<div class=\"elementor-video\"><\/div>\t\t<\/div>\n\t\t\t\t\t\t<\/div>\n\t\t\t\t<\/div>\n\t\t\t\t\t<\/div>\n\t\t<\/div>\n\t\t\t\t\t<\/div>\n\t\t<\/section>\n\t\t\t\t<section class=\"elementor-section elementor-top-section elementor-element elementor-element-03e6ac6 elementor-section-full_width elementor-section-stretched elementor-section-height-default elementor-section-height-default exad-glass-effect-no exad-sticky-section-no\" data-id=\"03e6ac6\" data-element_type=\"section\" data-e-type=\"section\" data-settings=\"{&quot;stretch_section&quot;:&quot;section-stretched&quot;}\">\n\t\t\t\t\t\t<div class=\"elementor-container elementor-column-gap-default\">\n\t\t\t\t\t<div class=\"elementor-column elementor-col-100 elementor-top-column elementor-element elementor-element-f22c3e0 exad-glass-effect-no exad-sticky-section-no\" data-id=\"f22c3e0\" data-element_type=\"column\" data-e-type=\"column\">\n\t\t\t<div class=\"elementor-widget-wrap elementor-element-populated\">\n\t\t\t\t\t\t<div class=\"elementor-element elementor-element-9ab380d exad-sticky-section-no exad-glass-effect-no elementor-widget elementor-widget-heading\" data-id=\"9ab380d\" data-element_type=\"widget\" data-e-type=\"widget\" data-widget_type=\"heading.default\">\n\t\t\t\t<div class=\"elementor-widget-container\">\n\t\t\t\t\t<h5 class=\"elementor-heading-title elementor-size-default\">La salle communale de Souday \u00e9tant en travaux sur cette p\u00e9riode, cette soir\u00e9e sera anim\u00e9e dans la salle de l'amiti\u00e9 \u00e0 Choue.<\/h5>\t\t\t\t<\/div>\n\t\t\t\t<\/div>\n\t\t\t\t<section class=\"elementor-section elementor-inner-section elementor-element elementor-element-3345e03 elementor-section-boxed elementor-section-height-default elementor-section-height-default exad-glass-effect-no exad-sticky-section-no\" data-id=\"3345e03\" data-element_type=\"section\" data-e-type=\"section\">\n\t\t\t\t\t\t<div class=\"elementor-container elementor-column-gap-default\">\n\t\t\t\t\t<div class=\"elementor-column elementor-col-50 elementor-inner-column elementor-element elementor-element-85a0a99 exad-glass-effect-no exad-sticky-section-no\" data-id=\"85a0a99\" data-element_type=\"column\" data-e-type=\"column\">\n\t\t\t<div class=\"elementor-widget-wrap elementor-element-populated\">\n\t\t\t\t\t\t<div class=\"elementor-element elementor-element-12f65f7 exad-sticky-section-no exad-glass-effect-no elementor-widget elementor-widget-image\" data-id=\"12f65f7\" data-element_type=\"widget\" data-e-type=\"widget\" data-widget_type=\"image.default\">\n\t\t\t\t<div class=\"elementor-widget-container\">\n\t\t\t\t\t\t\t\t\t\t\t\t\t\t\t<img fetchpriority=\"high\" decoding=\"async\" width=\"719\" height=\"1024\" src=\"https:\/\/soudayenfete.com\/wp-content\/uploads\/2024\/03\/neon-purple-80-s-music-poster-1710514093-719x1024.png\" class=\"attachment-large size-large wp-image-2939\" alt=\"affiche de la soir\u00e9e ann\u00e9e 80 le 4 mai 2024 \u00e0 Choue\" srcset=\"https:\/\/soudayenfete.com\/wp-content\/uploads\/2024\/03\/neon-purple-80-s-music-poster-1710514093-719x1024.png 719w, https:\/\/soudayenfete.com\/wp-content\/uploads\/2024\/03\/neon-purple-80-s-music-poster-1710514093-211x300.png 211w, https:\/\/soudayenfete.com\/wp-content\/uploads\/2024\/03\/neon-purple-80-s-music-poster-1710514093-768x1094.png 768w, https:\/\/soudayenfete.com\/wp-content\/uploads\/2024\/03\/neon-purple-80-s-music-poster-1710514093.png 1053w\" sizes=\"(max-width: 719px) 100vw, 719px\" \/>\t\t\t\t\t\t\t\t\t\t\t\t\t\t\t<\/div>\n\t\t\t\t<\/div>\n\t\t\t\t\t<\/div>\n\t\t<\/div>\n\t\t\t\t<div class=\"elementor-column elementor-col-50 elementor-inner-column elementor-element elementor-element-238b16e exad-glass-effect-no exad-sticky-section-no\" data-id=\"238b16e\" data-element_type=\"column\" data-e-type=\"column\">\n\t\t\t<div class=\"elementor-widget-wrap elementor-element-populated\">\n\t\t\t\t\t\t<div class=\"elementor-element elementor-element-e6632a4 elementor-widget__width-initial exad-sticky-section-no exad-glass-effect-no elementor-widget elementor-widget-text-editor\" data-id=\"e6632a4\" data-element_type=\"widget\" data-e-type=\"widget\" data-widget_type=\"text-editor.default\">\n\t\t\t\t<div class=\"elementor-widget-container\">\n\t\t\t\t\t\t\t\t\t<p><span style=\"font-family: 'Segoe UI';\">\ud83c\udf89\u00a0Retour\u00a0dans\u00a0les\u00a0ann\u00e9es\u00a080\u00a0!\u00a0\ud83c\udf89<br \/>Vous\u00a0avez\u00a0envie\u00a0de\u00a0revivre\u00a0la\u00a0folie\u00a0des\u00a0ann\u00e9es\u00a080\u00a0?\u00a0\ud83d\udd7a\ud83d\udc83<\/span><\/p><p>Souday\u00a0en\u00a0F\u00eate\u00a0vous\u00a0convie\u00a0\u00e0\u00a0une\u00a0soir\u00e9e\u00a0m\u00e9morable\u00a0le\u00a0samedi\u00a04\u00a0mai\u00a02024\u00a0\u00e0\u00a019h30\u00a0\u00e0\u00a0la\u00a0salle\u00a0de\u00a0l&rsquo;amiti\u00e9\u00a0de\u00a0Choue\u00a0!\u00a0\ud83c\udf88<\/p><p>Au\u00a0programme\u00a0:<br \/>\ud83c\udf7d\ufe0f\u00a0Un\u00a0repas\u00a0festif\u00a0qui\u00a0vous\u00a0transportera\u00a0dans\u00a0le\u00a0temps\u00a0:<\/p><p>\ud83c\udf79\u00a0Ap\u00e9ro\u00a0pour\u00a0commencer<br \/>\ud83e\udd57 Entr\u00e9e : \u00a0pamplemousse crevettes cocktail<br \/>\ud83c\udf72 Plat : cuisse de canard confite et gratin dauphinois<br \/>\ud83e\uddc0 Assortiment de fromages et salade<br \/>\ud83c\udf70 Duos de desserts : fondant au chocolat et panna cotta<br \/>\u2615 Caf\u00e9\/th\u00e9 pour cl\u00f4turer en beaut\u00e9<br \/>\ud83c\udfa4\u00a0Un\u00a0karaok\u00e9\u00a0passionn\u00e9\u00a0pour\u00a0lib\u00e9rer\u00a0votre\u00a0voix\u00a0:<br \/>\ud83c\udfb5\u00a0Chantez\u00a0vos\u00a0hits\u00a0favoris<br \/>\ud83c\udfb6\u00a0Ambiance\u00a0festive\u00a0assur\u00e9e<br \/>\ud83d\udc83\u00a0Une\u00a0soir\u00e9e\u00a0dansante\u00a0aux\u00a0rythmes\u00a0disco\u00a0et\u00a0funk\u00a0:<br \/>\ud83c\udfa7\u00a0DJ\u00a0Tom\u00a0aux\u00a0commandes\u00a0!<br \/>\ud83d\udd7a\u00a0Piste\u00a0de\u00a0danse\u00a0ouverte\u00a0jusqu&rsquo;\u00e0\u00a0l&rsquo;aube<br \/>\ud83d\udc57\u00a0(Optionnel)\u00a0:\u00a0Rev\u00eatez\u00a0vos\u00a0meilleurs\u00a0atours\u00a0des\u00a0ann\u00e9es\u00a080\u00a0!<\/p><p>Pr\u00eats\u00a0pour\u00a0un\u00a0voyage\u00a0m\u00e9morable\u00a0?\u00a0\ud83d\ude80<br \/>R\u00e9servez\u00a0votre\u00a0place\u00a0maintenant\u00a0!<br \/>\ud83c\udf9f\ufe0f\u00a0Tarifs\u00a0:\u00a024\u00a0\u20ac\u00a0adulte,\u00a012\u00a0\u20ac\u00a0enfant\u00a0jusqu&rsquo;\u00e0\u00a012\u00a0ans,\u00a018\u00a0\u20ac\u00a0formule\u00a0\u00e0\u00a0emporter\u00a0(entr\u00e9e,\u00a0plat,\u00a0fromage,\u00a0dessert).<br \/><a href=\"https:\/\/fetesouday.s2.yapla.com\/fr\/event-54932\">R\u00e9servations en ligne ici<\/a>, chez S\u00e9verine coiffure ou La Rom<span style=\"font-family: 'Segoe UI';\">ance.<\/span><\/p><p><span style=\"font-family: 'Segoe UI';\">\ud83d\udcde\u00a0Infos\u00a0au\u00a006\u00a012\u00a034\u00a069\u00a089\u00a0ou\u00a0fetesouday@gmail.com.<\/span><\/p><p>Ne\u00a0ratez\u00a0pas\u00a0cette\u00a0occasion\u00a0de\u00a0plonger\u00a0dans\u00a0l&rsquo;exub\u00e9rance\u00a0des\u00a0ann\u00e9es\u00a080\u00a0!\u00a0\ud83c\udf1f<br \/>Partagez\u00a0avec\u00a0vos\u00a0amis\u00a0et\u00a0votre\u00a0famille\u00a0!\u00a0Plus\u00a0on\u00a0est\u00a0de\u00a0fous,\u00a0plus\u00a0on\u00a0rit\u00a0!\u00a0\ud83d\ude0a<br \/>\u00c0\u00a0bient\u00f4t\u00a0!\u00a0\ud83c\udf1f<br \/>L&rsquo;\u00e9quipe\u00a0de\u00a0Souday\u00a0en\u00a0F\u00eate\u00a0!<\/p><p>Plus d&rsquo;informations \u00e0 venir !<\/p>\t\t\t\t\t\t\t\t<\/div>\n\t\t\t\t<\/div>\n\t\t\t\t\t<\/div>\n\t\t<\/div>\n\t\t\t\t\t<\/div>\n\t\t<\/section>\n\t\t\t\t<div class=\"elementor-element elementor-element-4970d44 elementor-widget__width-initial exad-sticky-section-no exad-glass-effect-no elementor-widget elementor-widget-image\" data-id=\"4970d44\" data-element_type=\"widget\" data-e-type=\"widget\" data-widget_type=\"image.default\">\n\t\t\t\t<div class=\"elementor-widget-container\">\n\t\t\t\t\t\t\t\t\t\t\t\t\t\t\t<img decoding=\"async\" width=\"300\" height=\"300\" src=\"https:\/\/soudayenfete.com\/wp-content\/uploads\/2024\/01\/LOGO_SOUDAY_COULEURS-300x300.png\" class=\"attachment-medium size-medium wp-image-2106\" alt=\"\" srcset=\"https:\/\/soudayenfete.com\/wp-content\/uploads\/2024\/01\/LOGO_SOUDAY_COULEURS-300x300.png 300w, https:\/\/soudayenfete.com\/wp-content\/uploads\/2024\/01\/LOGO_SOUDAY_COULEURS-150x150.png 150w, https:\/\/soudayenfete.com\/wp-content\/uploads\/2024\/01\/LOGO_SOUDAY_COULEURS-768x768.png 768w, https:\/\/soudayenfete.com\/wp-content\/uploads\/2024\/01\/LOGO_SOUDAY_COULEURS.png 1000w\" sizes=\"(max-width: 300px) 100vw, 300px\" \/>\t\t\t\t\t\t\t\t\t\t\t\t\t\t\t<\/div>\n\t\t\t\t<\/div>\n\t\t\t\t<div class=\"elementor-element elementor-element-b0ea0ac elementor-align-center exad-sticky-section-no exad-glass-effect-no elementor-widget elementor-widget-button\" data-id=\"b0ea0ac\" data-element_type=\"widget\" data-e-type=\"widget\" data-widget_type=\"button.default\">\n\t\t\t\t<div class=\"elementor-widget-container\">\n\t\t\t\t\t\t\t\t\t<div class=\"elementor-button-wrapper\">\n\t\t\t\t\t<a class=\"elementor-button elementor-button-link elementor-size-sm\" href=\"https:\/\/soudayenfete.com\/index.php\/les-prochains-evenements\/\">\n\t\t\t\t\t\t<span class=\"elementor-button-content-wrapper\">\n\t\t\t\t\t\t\t\t\t<span class=\"elementor-button-text\">Nos prochains \u00e9v\u00e8nements<\/span>\n\t\t\t\t\t<\/span>\n\t\t\t\t\t<\/a>\n\t\t\t\t<\/div>\n\t\t\t\t\t\t\t\t<\/div>\n\t\t\t\t<\/div>\n\t\t\t\t\t<\/div>\n\t\t<\/div>\n\t\t\t\t\t<\/div>\n\t\t<\/section>\n\t\t\t\t<\/div>\n\t\t","protected":false},"excerpt":{"rendered":"<p>Retrouvez en vid\u00e9o l&rsquo;ambiance de notre soir\u00e9e ann\u00e9e 80 du 4 mai 2024.Vous l&rsquo;avez manqu\u00e9 ? Restez connect\u00e9s \u00e0 nos r\u00e9seaux sociaux ou consultez r\u00e9guli\u00e8rement notre site pour vous tenir inform\u00e9s des prochains \u00e9v\u00e9nements. https:\/\/www.youtube.com\/watch?v=d2up6BawsWM La salle communale de Souday \u00e9tant en travaux sur cette p\u00e9riode, cette soir\u00e9e sera anim\u00e9e dans la salle de l&rsquo;amiti\u00e9&#8230;<\/p>\n","protected":false},"author":1,"featured_media":0,"comment_status":"open","ping_status":"open","sticky":false,"template":"","format":"standard","meta":{"_kadence_starter_templates_imported_post":false,"_kad_post_transparent":"","_kad_post_title":"","_kad_post_layout":"","_kad_post_sidebar_id":"","_kad_post_content_style":"","_kad_post_vertical_padding":"","_kad_post_feature":"","_kad_post_feature_position":"","_kad_post_header":false,"_kad_post_footer":false,"_kad_post_classname":"","footnotes":""},"categories":[6],"tags":[],"class_list":["post-1528","post","type-post","status-publish","format-standard","hentry","category-nos-evenements-passes"],"_links":{"self":[{"href":"https:\/\/soudayenfete.com\/index.php\/wp-json\/wp\/v2\/posts\/1528","targetHints":{"allow":["GET"]}}],"collection":[{"href":"https:\/\/soudayenfete.com\/index.php\/wp-json\/wp\/v2\/posts"}],"about":[{"href":"https:\/\/soudayenfete.com\/index.php\/wp-json\/wp\/v2\/types\/post"}],"author":[{"embeddable":true,"href":"https:\/\/soudayenfete.com\/index.php\/wp-json\/wp\/v2\/users\/1"}],"replies":[{"embeddable":true,"href":"https:\/\/soudayenfete.com\/index.php\/wp-json\/wp\/v2\/comments?post=1528"}],"version-history":[{"count":36,"href":"https:\/\/soudayenfete.com\/index.php\/wp-json\/wp\/v2\/posts\/1528\/revisions"}],"predecessor-version":[{"id":3051,"href":"https:\/\/soudayenfete.com\/index.php\/wp-json\/wp\/v2\/posts\/1528\/revisions\/3051"}],"wp:attachment":[{"href":"https:\/\/soudayenfete.com\/index.php\/wp-json\/wp\/v2\/media?parent=1528"}],"wp:term":[{"taxonomy":"category","embeddable":true,"href":"https:\/\/soudayenfete.com\/index.php\/wp-json\/wp\/v2\/categories?post=1528"},{"taxonomy":"post_tag","embeddable":true,"href":"https:\/\/soudayenfete.com\/index.php\/wp-json\/wp\/v2\/tags?post=1528"}],"curies":[{"name":"wp","href":"https:\/\/api.w.org\/{rel}","templated":true}]}}